{"id":55,"date":"2019-02-27T10:40:39","date_gmt":"2019-02-27T10:40:39","guid":{"rendered":"http:\/\/zb-nob-trebnje.si\/?p=55"},"modified":"2019-02-27T10:40:39","modified_gmt":"2019-02-27T10:40:39","slug":"55","status":"publish","type":"post","link":"http:\/\/zb-nob-trebnje.si\/?p=55","title":{"rendered":""},"content":{"rendered":"\n<p><strong>VABILO<\/strong><\/p>\n\n\n\n<p>Vabimo Vas na redno\u00a0<strong>LETNO SKUP\u0160\u010cINO<\/strong> ZB za vrednote NOB Trebnje,<\/p>\n\n\n\n<p>&nbsp;ki bo v&nbsp;<\/p>\n\n\n\n<p><strong>13.3.20198, OB 18. URI,&nbsp;<\/strong><\/p>\n\n\n\n<p><strong>V VELIKI SEJNI SOBI GASILNEGA DOMA TREBNJE<\/strong><\/p>\n\n\n\n<p><strong>Rimska 33 Trebnje<\/strong><\/p>\n\n\n\n<p>DNEVNI RED:<\/p>\n\n\n\n<ol class=\"wp-block-list\"><li>Otvoritev skup\u0161\u010dine in izvolitev organov;&nbsp;<\/li><li>Poro\u010dilo predsednika o delu ZB za vrednote NOB Trebnje za leto 2018;<\/li><li>Poro\u010dilo tajnika-blagajnika o finan\u010dnem poslovanju;&nbsp;<\/li><li>Poro\u010dilo Nadzornega odbora;&nbsp;<\/li><li>Poro\u010dilo \u010castnega razsodi\u0161\u010da;<\/li><li>Razprava o poro\u010dilih.<\/li><li>Program dela za leto 2019;<\/li><li>Izvedba projekta &#8220;Svobodna beseda za vse&#8221;<\/li><li>Predlog Komisije za podelitev priznanj zdru\u017eenja;<\/li><li>Predlog spremembe statuta zdru\u017eenja;<\/li><li>Razno<\/li><\/ol>\n\n\n\n<p>&nbsp;&nbsp;&nbsp;&nbsp;&nbsp;&nbsp;&nbsp;&nbsp;&nbsp;&nbsp;&nbsp;&nbsp;&nbsp;&nbsp;&nbsp;&nbsp;&nbsp;&nbsp;&nbsp;&nbsp;&nbsp;&nbsp;&nbsp;&nbsp;&nbsp;&nbsp;&nbsp;&nbsp;&nbsp;&nbsp;&nbsp;&nbsp;&nbsp;&nbsp;&nbsp;&nbsp;&nbsp;&nbsp;&nbsp;&nbsp;&nbsp;&nbsp;&nbsp;&nbsp;&nbsp;&nbsp;&nbsp;&nbsp;&nbsp;&nbsp;&nbsp;&nbsp;&nbsp;&nbsp;&nbsp;&nbsp;&nbsp;&nbsp;&nbsp;&nbsp;&nbsp;&nbsp;&nbsp;&nbsp;&nbsp;&nbsp;&nbsp;&nbsp;&nbsp;&nbsp;&nbsp;&nbsp;&nbsp;&nbsp;&nbsp;&nbsp;&nbsp;&nbsp;&nbsp;&nbsp;&nbsp;&nbsp;&nbsp;&nbsp;&nbsp;&nbsp;&nbsp;&nbsp;&nbsp;&nbsp;&nbsp;&nbsp;&nbsp;&nbsp;&nbsp;&nbsp;&nbsp;&nbsp;&nbsp;&nbsp;&nbsp;Bo\u0161tjan SLADI\u010c<\/p>\n\n\n\n<p>&nbsp;&nbsp;&nbsp;&nbsp;&nbsp;&nbsp;&nbsp;&nbsp;&nbsp;&nbsp;&nbsp;&nbsp;&nbsp;&nbsp;&nbsp;&nbsp;&nbsp;&nbsp;&nbsp;&nbsp;&nbsp;&nbsp;&nbsp;&nbsp;&nbsp;&nbsp;&nbsp;&nbsp;&nbsp;&nbsp;&nbsp;&nbsp;&nbsp;&nbsp;&nbsp;&nbsp;&nbsp;&nbsp;&nbsp;&nbsp;&nbsp;&nbsp;&nbsp;&nbsp;&nbsp;&nbsp;&nbsp;&nbsp;&nbsp;&nbsp;&nbsp;&nbsp;&nbsp;&nbsp;&nbsp;&nbsp;&nbsp;&nbsp;&nbsp;&nbsp;&nbsp;&nbsp;&nbsp;&nbsp;&nbsp;&nbsp;&nbsp;&nbsp;&nbsp;&nbsp;&nbsp;&nbsp;&nbsp;&nbsp;&nbsp;&nbsp;&nbsp;&nbsp;Predsednik ZB za vrednote NOB Trebnje<\/p>\n","protected":false},"excerpt":{"rendered":"<p>VABILO Vabimo Vas na redno\u00a0LETNO SKUP\u0160\u010cINO ZB za vrednote NOB Trebnje, &nbsp;ki bo v&nbsp; 13.3.20198, OB 18. URI,&nbsp; V VELIKI SEJNI SOBI GASILNEGA DOMA TREBNJE Rimska 33 Trebnje DNEVNI RED: Otvoritev skup\u0161\u010dine in izvolitev organov;&nbsp; Poro\u010dilo predsednika o delu ZB za vrednote NOB Trebnje za leto 2018; Poro\u010dilo tajnika-blagajnika o finan\u010dnem poslovanju;&nbsp; Poro\u010dilo Nadzornega odbora;&nbsp; [&hellip;]<\/p>\n","protected":false},"author":1,"featured_media":0,"comment_status":"closed","ping_status":"closed","sticky":false,"template":"","format":"standard","meta":{"footnotes":""},"categories":[1],"tags":[],"class_list":["post-55","post","type-post","status-publish","format-standard","hentry","category-uncategorized"],"_links":{"self":[{"href":"http:\/\/zb-nob-trebnje.si\/index.php?rest_route=\/wp\/v2\/posts\/55","targetHints":{"allow":["GET"]}}],"collection":[{"href":"http:\/\/zb-nob-trebnje.si\/index.php?rest_route=\/wp\/v2\/posts"}],"about":[{"href":"http:\/\/zb-nob-trebnje.si\/index.php?rest_route=\/wp\/v2\/types\/post"}],"author":[{"embeddable":true,"href":"http:\/\/zb-nob-trebnje.si\/index.php?rest_route=\/wp\/v2\/users\/1"}],"replies":[{"embeddable":true,"href":"http:\/\/zb-nob-trebnje.si\/index.php?rest_route=%2Fwp%2Fv2%2Fcomments&post=55"}],"version-history":[{"count":1,"href":"http:\/\/zb-nob-trebnje.si\/index.php?rest_route=\/wp\/v2\/posts\/55\/revisions"}],"predecessor-version":[{"id":56,"href":"http:\/\/zb-nob-trebnje.si\/index.php?rest_route=\/wp\/v2\/posts\/55\/revisions\/56"}],"wp:attachment":[{"href":"http:\/\/zb-nob-trebnje.si\/index.php?rest_route=%2Fwp%2Fv2%2Fmedia&parent=55"}],"wp:term":[{"taxonomy":"category","embeddable":true,"href":"http:\/\/zb-nob-trebnje.si\/index.php?rest_route=%2Fwp%2Fv2%2Fcategories&post=55"},{"taxonomy":"post_tag","embeddable":true,"href":"http:\/\/zb-nob-trebnje.si\/index.php?rest_route=%2Fwp%2Fv2%2Ftags&post=55"}],"curies":[{"name":"wp","href":"https:\/\/api.w.org\/{rel}","templated":true}]}}