{"id":416,"date":"2021-11-02T07:41:56","date_gmt":"2021-11-02T07:41:56","guid":{"rendered":"http:\/\/zb-nob-trebnje.si\/?p=416"},"modified":"2021-11-02T07:41:56","modified_gmt":"2021-11-02T07:41:56","slug":"komemoracija-v-mokronogu","status":"publish","type":"post","link":"https:\/\/zb-nob-trebnje.si\/?p=416","title":{"rendered":"Komemoracija v Mokronogu"},"content":{"rendered":"\n<p>V Mokronogu smo dne 01.11.2021 ob 09.30 uri izvedli komemoracijo ob dnevu mrtvih v sodelovanju z O\u0160 Mokronog. U\u010denci O\u0160 Mokronog so z lepimi recitacijami popestrili spomin na vse mrtve, \u0161e posebej spomin na tiste, ki so padli oz. darovali svoje \u017eivljenje za svobodo med NOB v letih 1941-1945 zato, da bo naslednjim generacijam la\u017eje. Res nepojemljivo in nerazumljivo je to darovanje \u017eivljenj nam, ki tega krutega obdobja nismo do\u017eiveli in ga te\u017eko razumemo. Je pa eno zagotovo, tako so ravnali samo najbolj pogumni ljudje, ljudje, ki so imeli vizijo, ljudje, ki so daravali svoje \u017eivljenje za bolj\u0161e jutri. Tako je razmi\u0161ljal tudi slavnostni govornik \u017eupan Ob\u010dine Mokronog-Trebelno g. Anton Maver, ki je \u0161e opozoril na vse tegobe dana\u0161njega sveta, \u0161e posebej zaradi trdo\u017eive bolezni, ki nas na nek na\u010din razdvaja. Opozoril je tudi na nevarnost razprtij med ljudi, zaradi \u010desar je povdaril na strpnost med ob\u010dani, na medsebojno razumevanje in zagotavljanje enakosti med ljudmi, med vsemi vrednotami pa je ponovno opozoril na svobodo, ki so jo le ste\u017eka in z velikimi \u017ertvami izbojevali borci za svobodo med NOB.&nbsp;<\/p>\n\n\n\n<p>Komemoracije, ki&nbsp;je bila v lanskem letu \u017eal zaradi epimiolo\u0161kih razlogov v zvezi s COVID-om odpovedana, se je leto\u0161nje leto udele\u017eilo nepri\u010dakovano veliko ljudi, kar nas je spodbudilo k temu, da s tovrstnimi proslavami in dejavnostmi nadaljujemo. Bolje kot zapiranje in skrivanje pred nevarnimi boleznimi, posledi\u010dno tudi pred ljudmi, je razumen boj proti tej zahrbtni bolezni. Z njo se bomo prej kot slej morali soo\u010diti, nau\u010diti&nbsp; se bomo morali z njo \u017eiveti in nadaljevati, s kar se da normalnim \u017eivljenjem. Zahvala tudi nastopu Klemna, ki je s trobento in partizanskima pesmima Po\u010diva jezero v tihoti in Na oknu glej obrazec bled&nbsp; lepo zaokro\u017eil \u017ealno slovesnost, ki je bila pri ob\u010danih zelo lepo sprejeta, kar potrjuje sama udele\u017eba. Zahvaljujem se tudi vsem prapor\u0161\u010dakom in predstavnikov ob\u010dinskih dru\u0161tev VD, GD in LD Mokronog ter veteranskih dru\u0161tev OZVVS Trebnje in&nbsp; seveda bor\u010devske organizacije, kateri s svojo prisotnostjo potrjujejo potrebo po nadaljevanju s tovrstnimi \u017ealnimi slovesnostmi.<\/p>\n\n\n\n<p>Slava jim!<\/p>\n\n\n\n<p>Predsednik&nbsp;<\/p>\n\n\n\n<p>Mi\u0161o Hrovat\u00a0<\/p>\n\n\n\n<figure class=\"wp-block-gallery columns-3 is-cropped wp-block-gallery-1 is-layout-flex wp-block-gallery-is-layout-flex\"><ul class=\"blocks-gallery-grid\"><li class=\"blocks-gallery-item\"><figure><img loading=\"lazy\" decoding=\"async\" width=\"392\" height=\"221\" src=\"http:\/\/zb-nob-trebnje.si\/wp-content\/uploads\/2021\/11\/image008.jpg\" alt=\"\" data-id=\"417\" data-full-url=\"http:\/\/zb-nob-trebnje.si\/wp-content\/uploads\/2021\/11\/image008.jpg\" data-link=\"http:\/\/zb-nob-trebnje.si\/?attachment_id=417\" class=\"wp-image-417\" srcset=\"https:\/\/zb-nob-trebnje.si\/wp-content\/uploads\/2021\/11\/image008.jpg 392w, https:\/\/zb-nob-trebnje.si\/wp-content\/uploads\/2021\/11\/image008-300x169.jpg 300w\" sizes=\"auto, (max-width: 392px) 100vw, 392px\" \/><\/figure><\/li><li class=\"blocks-gallery-item\"><figure><img loading=\"lazy\" decoding=\"async\" width=\"392\" height=\"221\" src=\"http:\/\/zb-nob-trebnje.si\/wp-content\/uploads\/2021\/11\/image006.jpg\" alt=\"\" data-id=\"418\" data-full-url=\"http:\/\/zb-nob-trebnje.si\/wp-content\/uploads\/2021\/11\/image006.jpg\" data-link=\"http:\/\/zb-nob-trebnje.si\/?attachment_id=418\" class=\"wp-image-418\" srcset=\"https:\/\/zb-nob-trebnje.si\/wp-content\/uploads\/2021\/11\/image006.jpg 392w, https:\/\/zb-nob-trebnje.si\/wp-content\/uploads\/2021\/11\/image006-300x169.jpg 300w\" sizes=\"auto, (max-width: 392px) 100vw, 392px\" \/><\/figure><\/li><li class=\"blocks-gallery-item\"><figure><img loading=\"lazy\" decoding=\"async\" width=\"392\" height=\"221\" src=\"http:\/\/zb-nob-trebnje.si\/wp-content\/uploads\/2021\/11\/image001.jpg\" alt=\"\" data-id=\"419\" data-full-url=\"http:\/\/zb-nob-trebnje.si\/wp-content\/uploads\/2021\/11\/image001.jpg\" data-link=\"http:\/\/zb-nob-trebnje.si\/?attachment_id=419\" class=\"wp-image-419\" srcset=\"https:\/\/zb-nob-trebnje.si\/wp-content\/uploads\/2021\/11\/image001.jpg 392w, https:\/\/zb-nob-trebnje.si\/wp-content\/uploads\/2021\/11\/image001-300x169.jpg 300w\" sizes=\"auto, (max-width: 392px) 100vw, 392px\" \/><\/figure><\/li><li class=\"blocks-gallery-item\"><figure><img loading=\"lazy\" decoding=\"async\" width=\"392\" height=\"221\" src=\"http:\/\/zb-nob-trebnje.si\/wp-content\/uploads\/2021\/11\/image002.jpg\" alt=\"\" data-id=\"420\" data-full-url=\"http:\/\/zb-nob-trebnje.si\/wp-content\/uploads\/2021\/11\/image002.jpg\" data-link=\"http:\/\/zb-nob-trebnje.si\/?attachment_id=420\" class=\"wp-image-420\" srcset=\"https:\/\/zb-nob-trebnje.si\/wp-content\/uploads\/2021\/11\/image002.jpg 392w, https:\/\/zb-nob-trebnje.si\/wp-content\/uploads\/2021\/11\/image002-300x169.jpg 300w\" sizes=\"auto, (max-width: 392px) 100vw, 392px\" \/><\/figure><\/li><li class=\"blocks-gallery-item\"><figure><img loading=\"lazy\" decoding=\"async\" width=\"392\" height=\"221\" src=\"http:\/\/zb-nob-trebnje.si\/wp-content\/uploads\/2021\/11\/image007.jpg\" alt=\"\" data-id=\"421\" data-full-url=\"http:\/\/zb-nob-trebnje.si\/wp-content\/uploads\/2021\/11\/image007.jpg\" data-link=\"http:\/\/zb-nob-trebnje.si\/?attachment_id=421\" class=\"wp-image-421\" srcset=\"https:\/\/zb-nob-trebnje.si\/wp-content\/uploads\/2021\/11\/image007.jpg 392w, https:\/\/zb-nob-trebnje.si\/wp-content\/uploads\/2021\/11\/image007-300x169.jpg 300w\" sizes=\"auto, (max-width: 392px) 100vw, 392px\" \/><\/figure><\/li><li class=\"blocks-gallery-item\"><figure><img loading=\"lazy\" decoding=\"async\" width=\"392\" height=\"221\" src=\"http:\/\/zb-nob-trebnje.si\/wp-content\/uploads\/2021\/11\/image003.jpg\" alt=\"\" data-id=\"422\" data-full-url=\"http:\/\/zb-nob-trebnje.si\/wp-content\/uploads\/2021\/11\/image003.jpg\" data-link=\"http:\/\/zb-nob-trebnje.si\/?attachment_id=422\" class=\"wp-image-422\" srcset=\"https:\/\/zb-nob-trebnje.si\/wp-content\/uploads\/2021\/11\/image003.jpg 392w, https:\/\/zb-nob-trebnje.si\/wp-content\/uploads\/2021\/11\/image003-300x169.jpg 300w\" sizes=\"auto, (max-width: 392px) 100vw, 392px\" \/><\/figure><\/li><li class=\"blocks-gallery-item\"><figure><img loading=\"lazy\" decoding=\"async\" width=\"392\" height=\"221\" src=\"http:\/\/zb-nob-trebnje.si\/wp-content\/uploads\/2021\/11\/image004.jpg\" alt=\"\" data-id=\"423\" data-full-url=\"http:\/\/zb-nob-trebnje.si\/wp-content\/uploads\/2021\/11\/image004.jpg\" data-link=\"http:\/\/zb-nob-trebnje.si\/?attachment_id=423\" class=\"wp-image-423\" srcset=\"https:\/\/zb-nob-trebnje.si\/wp-content\/uploads\/2021\/11\/image004.jpg 392w, https:\/\/zb-nob-trebnje.si\/wp-content\/uploads\/2021\/11\/image004-300x169.jpg 300w\" sizes=\"auto, (max-width: 392px) 100vw, 392px\" \/><\/figure><\/li><li class=\"blocks-gallery-item\"><figure><img loading=\"lazy\" decoding=\"async\" width=\"392\" height=\"221\" src=\"http:\/\/zb-nob-trebnje.si\/wp-content\/uploads\/2021\/11\/image005.jpg\" alt=\"\" data-id=\"424\" data-full-url=\"http:\/\/zb-nob-trebnje.si\/wp-content\/uploads\/2021\/11\/image005.jpg\" data-link=\"http:\/\/zb-nob-trebnje.si\/?attachment_id=424\" class=\"wp-image-424\" srcset=\"https:\/\/zb-nob-trebnje.si\/wp-content\/uploads\/2021\/11\/image005.jpg 392w, https:\/\/zb-nob-trebnje.si\/wp-content\/uploads\/2021\/11\/image005-300x169.jpg 300w\" sizes=\"auto, (max-width: 392px) 100vw, 392px\" \/><\/figure><\/li><\/ul><\/figure>\n","protected":false},"excerpt":{"rendered":"<p>V Mokronogu smo dne 01.11.2021 ob 09.30 uri izvedli komemoracijo ob dnevu mrtvih v sodelovanju z O\u0160 Mokronog. U\u010denci O\u0160 Mokronog so z lepimi recitacijami popestrili spomin na vse mrtve, \u0161e posebej spomin na tiste, ki so padli oz. darovali svoje \u017eivljenje za svobodo med NOB v letih 1941-1945 zato, da bo naslednjim generacijam la\u017eje. [&hellip;]<\/p>\n","protected":false},"author":3,"featured_media":0,"comment_status":"closed","ping_status":"closed","sticky":false,"template":"","format":"standard","meta":{"footnotes":""},"categories":[1],"tags":[],"class_list":["post-416","post","type-post","status-publish","format-standard","hentry","category-uncategorized"],"_links":{"self":[{"href":"https:\/\/zb-nob-trebnje.si\/index.php?rest_route=\/wp\/v2\/posts\/416","targetHints":{"allow":["GET"]}}],"collection":[{"href":"https:\/\/zb-nob-trebnje.si\/index.php?rest_route=\/wp\/v2\/posts"}],"about":[{"href":"https:\/\/zb-nob-trebnje.si\/index.php?rest_route=\/wp\/v2\/types\/post"}],"author":[{"embeddable":true,"href":"https:\/\/zb-nob-trebnje.si\/index.php?rest_route=\/wp\/v2\/users\/3"}],"replies":[{"embeddable":true,"href":"https:\/\/zb-nob-trebnje.si\/index.php?rest_route=%2Fwp%2Fv2%2Fcomments&post=416"}],"version-history":[{"count":1,"href":"https:\/\/zb-nob-trebnje.si\/index.php?rest_route=\/wp\/v2\/posts\/416\/revisions"}],"predecessor-version":[{"id":425,"href":"https:\/\/zb-nob-trebnje.si\/index.php?rest_route=\/wp\/v2\/posts\/416\/revisions\/425"}],"wp:attachment":[{"href":"https:\/\/zb-nob-trebnje.si\/index.php?rest_route=%2Fwp%2Fv2%2Fmedia&parent=416"}],"wp:term":[{"taxonomy":"category","embeddable":true,"href":"https:\/\/zb-nob-trebnje.si\/index.php?rest_route=%2Fwp%2Fv2%2Fcategories&post=416"},{"taxonomy":"post_tag","embeddable":true,"href":"https:\/\/zb-nob-trebnje.si\/index.php?rest_route=%2Fwp%2Fv2%2Ftags&post=416"}],"curies":[{"name":"wp","href":"https:\/\/api.w.org\/{rel}","templated":true}]}}